{"id":85632,"date":"2015-11-14T09:36:32","date_gmt":"2015-11-14T08:36:32","guid":{"rendered":"http:\/\/www2.lyceejeanperrin.fr\/?p=85632"},"modified":"2026-04-10T10:52:53","modified_gmt":"2026-04-10T08:52:53","slug":"lutter-contre-le-harcelement-laffaire-de-tous","status":"publish","type":"post","link":"https:\/\/www.lyceejeanperrin.fr\/?p=85632","title":{"rendered":"Lutter contre le harc\u00e8lement, l&rsquo;affaire de tous !"},"content":{"rendered":"<p>Le dispositif pHARe est un plan de pr\u00e9vention du harc\u00e8lement \u00e0 destination des \u00e9coles, des coll\u00e8ges et des lyc\u00e9es fond\u00e9 autour de 5 piliers :<\/p>\n<ol>\n<li>\u00c9duquer pour pr\u00e9venir les ph\u00e9nom\u00e8nes de harc\u00e8lement ;<\/li>\n<li>Former une communaut\u00e9 protectrice autour des \u00e9l\u00e8ves ;<\/li>\n<li>Intervenir efficacement sur les situations de harc\u00e8lement ;<\/li>\n<li>Associer les parents et les partenaires de l\u2019\u00e9cole au d\u00e9ploiement du programme ;<\/li>\n<li>Mobiliser les instances de d\u00e9mocratie scolaire (CVC, CVL) et le comit\u00e9 d\u2019\u00e9ducation \u00e0 la sant\u00e9, \u00e0 la citoyennet\u00e9 et \u00e0 l\u2019environnement.<\/li>\n<\/ol>\n<p>Le lyc\u00e9e Jean Perrin gr\u00e2ce \u00e0 ce dispositif mobilise les \u00e9l\u00e8ves, les parents, le personnel de l&rsquo;\u00e9ducation contre toutes les formes de harc\u00e8lement entre \u00e9l\u00e8ves.<\/p>\n<p>Le lyc\u00e9e s&rsquo;est dot\u00e9 d&rsquo;ambassadeurs et les \u00e9quipes sont form\u00e9es et ont \u00e9t\u00e9 sensibilis\u00e9es afin de d\u00e9tecter les formes de harc\u00e8lement pour pr\u00e9venir et pour agir.<\/p>\n<p>Un site sp\u00e9cifique est \u00e0 votre disposition sur le <a href=\"https:\/\/www.education.gouv.fr\/non-au-harcelement\/phare-un-dispositif-de-lutte-contre-le-harcelement-l-ecole-323435\">dispositif PHARE<\/a>, n&rsquo;h\u00e9sitez pas \u00e0 le consulter.<\/p>\n<p>En cas de harc\u00e8lement ne restez pas seul(e) <a href=\"https:\/\/www.education.gouv.fr\/non-au-harcelement\" data-wplink-edit=\"true\">TOUTES LES INFORMATIONS POUR UNE AIDE ICI<\/a><\/p>\n<p>Information du Minist\u00e8re de l&rsquo;\u00e9ducation nationale, de la jeunesse et de la vie associative<\/p>\n","protected":false},"excerpt":{"rendered":"<p>Le dispositif pHARe est un plan de pr\u00e9vention du harc\u00e8lement \u00e0 destination des \u00e9coles, des coll\u00e8ges et des lyc\u00e9es fond\u00e9 autour de 5 piliers : \u00c9duquer pour pr\u00e9venir les ph\u00e9nom\u00e8nes de harc\u00e8lement ; Former une communaut\u00e9 protectrice autour des \u00e9l\u00e8ves ; Intervenir efficacement sur les situations de harc\u00e8lement ; Associer &#8230;<\/p>\n","protected":false},"author":2,"featured_media":0,"comment_status":"closed","ping_status":"closed","sticky":false,"template":"","format":"standard","meta":{"footnotes":""},"categories":[7],"tags":[],"class_list":["post-85632","post","type-post","status-publish","format-standard","hentry","category-uncategorized","column","threecol"],"_links":{"self":[{"href":"https:\/\/www.lyceejeanperrin.fr\/index.php?rest_route=\/wp\/v2\/posts\/85632","targetHints":{"allow":["GET"]}}],"collection":[{"href":"https:\/\/www.lyceejeanperrin.fr\/index.php?rest_route=\/wp\/v2\/posts"}],"about":[{"href":"https:\/\/www.lyceejeanperrin.fr\/index.php?rest_route=\/wp\/v2\/types\/post"}],"author":[{"embeddable":true,"href":"https:\/\/www.lyceejeanperrin.fr\/index.php?rest_route=\/wp\/v2\/users\/2"}],"replies":[{"embeddable":true,"href":"https:\/\/www.lyceejeanperrin.fr\/index.php?rest_route=%2Fwp%2Fv2%2Fcomments&post=85632"}],"version-history":[{"count":3,"href":"https:\/\/www.lyceejeanperrin.fr\/index.php?rest_route=\/wp\/v2\/posts\/85632\/revisions"}],"predecessor-version":[{"id":91436,"href":"https:\/\/www.lyceejeanperrin.fr\/index.php?rest_route=\/wp\/v2\/posts\/85632\/revisions\/91436"}],"wp:attachment":[{"href":"https:\/\/www.lyceejeanperrin.fr\/index.php?rest_route=%2Fwp%2Fv2%2Fmedia&parent=85632"}],"wp:term":[{"taxonomy":"category","embeddable":true,"href":"https:\/\/www.lyceejeanperrin.fr\/index.php?rest_route=%2Fwp%2Fv2%2Fcategories&post=85632"},{"taxonomy":"post_tag","embeddable":true,"href":"https:\/\/www.lyceejeanperrin.fr\/index.php?rest_route=%2Fwp%2Fv2%2Ftags&post=85632"}],"curies":[{"name":"wp","href":"https:\/\/api.w.org\/{rel}","templated":true}]}}